{"id":89,"date":"2011-07-23T01:41:49","date_gmt":"2011-07-23T01:41:49","guid":{"rendered":"https:\/\/curatoriaforense.net\/_residencias\/insideout\/?p=89"},"modified":"2011-07-28T01:42:19","modified_gmt":"2011-07-28T01:42:19","slug":"cartografia-de-a-cotidaneidad-julia-dron","status":"publish","type":"post","link":"https:\/\/curatoriaforense.net\/_residencias\/insideout\/?p=89","title":{"rendered":"Cartograf\u00eda de a Cotidaneidad \/ Julia Dron"},"content":{"rendered":"<p style=\"text-align: left;\">\n<p style=\"text-align: right;\">Primer semana. 24 de julio 2011<\/p>\n<p>Identidade colectiva, sabemos que nos estamos falando o quiza nao sabemos, pero creemos ya conhecer o linguagem que utilizamos. Um mural construido coletivamente en a pared del comedor nos devela que estamos creando um arquivo de imagenes que podem ser le\u00eddas por todos nossos, o um mapa de conviv\u00eancia.<\/p>\n<p>Paula Dice: Eu veo este mural y para min e um libro. Lo recorremos con a mirada preguntandonos, que falta aqui? y algu\u00e9m coloca la tapa de a margarina entre o jornal de Boi\u00e7ucanga, um afiche de Apoltronados, uma etiqueta de cerveija, un dibujo del petr\u00f3leo, uma pluma, un mapa de Sao Sebasti\u00e1n, propagandas de supermercado, diccionario de portugu\u00e9s, ramas de urucum, um pinguino de madera, o palo del poder, uma frase que diz: Andre, e verdad&#8230;?<\/p>\n","protected":false},"excerpt":{"rendered":"\nPrimer semana. 24 de julio 2011\nIdentidade colectiva, sabemos que nos estamos falando o quiza nao sabemos, pero creemos ya conhecer o linguagem que utilizamos. Um &hellip;","protected":false},"author":2,"featured_media":0,"comment_status":"open","ping_status":"open","sticky":false,"template":"","format":"standard","meta":{"ngg_post_thumbnail":0,"footnotes":""},"categories":[1],"tags":[15,12,94,95],"class_list":["post-89","post","type-post","status-publish","format-standard","hentry","category-reportes-diarios","tag-boicucanga","tag-julia-dron","tag-los-apoltronados","tag-sao-sebastian"],"_links":{"self":[{"href":"https:\/\/curatoriaforense.net\/_residencias\/insideout\/index.php?rest_route=\/wp\/v2\/posts\/89","targetHints":{"allow":["GET"]}}],"collection":[{"href":"https:\/\/curatoriaforense.net\/_residencias\/insideout\/index.php?rest_route=\/wp\/v2\/posts"}],"about":[{"href":"https:\/\/curatoriaforense.net\/_residencias\/insideout\/index.php?rest_route=\/wp\/v2\/types\/post"}],"author":[{"embeddable":true,"href":"https:\/\/curatoriaforense.net\/_residencias\/insideout\/index.php?rest_route=\/wp\/v2\/users\/2"}],"replies":[{"embeddable":true,"href":"https:\/\/curatoriaforense.net\/_residencias\/insideout\/index.php?rest_route=%2Fwp%2Fv2%2Fcomments&post=89"}],"version-history":[{"count":0,"href":"https:\/\/curatoriaforense.net\/_residencias\/insideout\/index.php?rest_route=\/wp\/v2\/posts\/89\/revisions"}],"wp:attachment":[{"href":"https:\/\/curatoriaforense.net\/_residencias\/insideout\/index.php?rest_route=%2Fwp%2Fv2%2Fmedia&parent=89"}],"wp:term":[{"taxonomy":"category","embeddable":true,"href":"https:\/\/curatoriaforense.net\/_residencias\/insideout\/index.php?rest_route=%2Fwp%2Fv2%2Fcategories&post=89"},{"taxonomy":"post_tag","embeddable":true,"href":"https:\/\/curatoriaforense.net\/_residencias\/insideout\/index.php?rest_route=%2Fwp%2Fv2%2Ftags&post=89"}],"curies":[{"name":"wp","href":"https:\/\/api.w.org\/{rel}","templated":true}]}}